{"id":550,"date":"2025-11-12T02:59:46","date_gmt":"2025-11-12T01:59:46","guid":{"rendered":"https:\/\/rutasmototours.com\/?p=550"},"modified":"2025-11-27T17:18:19","modified_gmt":"2025-11-27T16:18:19","slug":"mis-motos-parte-3","status":"publish","type":"post","link":"https:\/\/rutasmototours.com\/fr\/mis-motos-parte-3\/","title":{"rendered":"Mes motos \u2013 Partie 3"},"content":{"rendered":"<p class=\"wp-block-paragraph\"><strong><u>HONDA XL600LM PD04 et XLR600 PD03 PARIS DAKAR :<\/u><\/strong><\/p>\n\n\n\n<p class=\"wp-block-paragraph\">Comme je l&#039;ai mentionn\u00e9 dans la deuxi\u00e8me partie, le troisi\u00e8me mod\u00e8le dont je r\u00eavais \u00e0 la fin des ann\u00e9es 80 \u00e9tait le XL600LM.<br>Je me souviens avoir \u00e9prouv\u00e9 de l&#039;admiration pour cette magnifique machine lorsque je me suis arr\u00eat\u00e9 chez le concessionnaire Honda \u00e0 Vannes, en Bretagne.<\/p>\n\n\n\n<p class=\"wp-block-paragraph\">Et puis, durant l&#039;\u00e9t\u00e9 2024, lors de vacances en France, j&#039;ai eu l&#039;occasion d&#039;en acqu\u00e9rir un\u2026 enfin, deux et demi !<br>Un PD04 de juin 1986, un deuxi\u00e8me incomplet mais sans papiers, et un PD03 Paris-Dakar de d\u00e9cembre 1985.<\/p>\n\n\n\n<p class=\"wp-block-paragraph\">La moto 600 XLR PD03 du Paris-Dakar ne d\u00e9marre plus et n\u00e9cessitera une restauration compl\u00e8te. Heureusement, le lot comprenait un second moteur ainsi que de nombreuses pi\u00e8ces d\u00e9tach\u00e9es. Sa restauration, pr\u00e9vue pour 2026, fera l&#039;objet d&#039;un article d\u00e9di\u00e9.<\/p>\n\n\n\n<p class=\"wp-block-paragraph\">La 600 XLLM, quant \u00e0 elle, est dans son \u00e9tat d&#039;origine\u00a0; elle d\u00e9marre et fonctionne. Cependant, un d\u00e9montage quasi complet sera n\u00e9cessaire pour lui redonner tout son \u00e9clat.<\/p>\n\n\n\n<figure class=\"wp-block-gallery has-nested-images columns-default is-cropped wp-block-gallery-1 is-layout-flex wp-block-gallery-is-layout-flex\">\n<figure class=\"wp-block-image size-large\"><img decoding=\"async\" width=\"1200\" height=\"900\" data-id=\"1044\" src=\"https:\/\/rutasmototours.com\/wp-content\/uploads\/2025\/11\/parte-3-2-1200x900.jpg\" alt=\"\" class=\"wp-image-1044\" srcset=\"https:\/\/rutasmototours.com\/wp-content\/uploads\/2025\/11\/parte-3-2-980x735.jpg 980w, https:\/\/rutasmototours.com\/wp-content\/uploads\/2025\/11\/parte-3-2-480x360.jpg 480w\" sizes=\"(min-width: 0px) and (max-width: 480px) 480px, (min-width: 481px) and (max-width: 980px) 980px, (min-width: 981px) 1200px, 100vw\" \/><\/figure>\n\n\n\n<figure class=\"wp-block-image size-large\"><img decoding=\"async\" width=\"1200\" height=\"900\" data-id=\"1045\" src=\"https:\/\/rutasmototours.com\/wp-content\/uploads\/2025\/11\/parte-3-3-1200x900.jpg\" alt=\"Las motos est\u00e1n preparadas para pasar la inspecci\u00f3n t\u00e9cnica con el fin de poder tener los documentos en regla.\" class=\"wp-image-1045\" srcset=\"https:\/\/rutasmototours.com\/wp-content\/uploads\/2025\/11\/parte-3-3-980x735.jpg 980w, https:\/\/rutasmototours.com\/wp-content\/uploads\/2025\/11\/parte-3-3-480x360.jpg 480w\" sizes=\"(min-width: 0px) and (max-width: 480px) 480px, (min-width: 481px) and (max-width: 980px) 980px, (min-width: 981px) 1200px, 100vw\" \/><figcaption class=\"wp-element-caption\">Les motos sont pr\u00e9par\u00e9es pour passer le contr\u00f4le technique afin que les documents soient en r\u00e8gle.<\/figcaption><\/figure>\n\n\n\n<figure class=\"wp-block-image size-large\"><img decoding=\"async\" width=\"900\" height=\"1200\" data-id=\"1043\" src=\"https:\/\/rutasmototours.com\/wp-content\/uploads\/2025\/11\/parte-3-1-900x1200.jpg\" alt=\"\" class=\"wp-image-1043\"\/><\/figure>\n<\/figure>\n\n\n\n<p class=\"wp-block-paragraph\">En avril dernier, alors qu&#039;ils \u00e9taient encore en France chez mon fr\u00e8re, un rassemblement de motos classiques est devenu un \u00e9v\u00e9nement incontournable pour leur club.<\/p>\n\n\n\n<p class=\"wp-block-paragraph\">Il entreprit donc une r\u00e9vision g\u00e9n\u00e9rale afin qu&#039;elle puisse \u00eatre pr\u00e9sent\u00e9e en meilleur \u00e9tat, mais surtout afin qu&#039;elle puisse effectuer l&#039;aller-retour de 1500 km.<\/p>\n\n\n\n<figure class=\"wp-block-gallery has-nested-images columns-default is-cropped wp-block-gallery-2 is-layout-flex wp-block-gallery-is-layout-flex\">\n<figure class=\"wp-block-image size-large\"><img decoding=\"async\" width=\"1200\" height=\"900\" data-id=\"1049\" src=\"https:\/\/rutasmototours.com\/wp-content\/uploads\/2025\/11\/parte-3-7-1200x900.jpg\" alt=\"\" class=\"wp-image-1049\" srcset=\"https:\/\/rutasmototours.com\/wp-content\/uploads\/2025\/11\/parte-3-7-980x735.jpg 980w, https:\/\/rutasmototours.com\/wp-content\/uploads\/2025\/11\/parte-3-7-480x360.jpg 480w\" sizes=\"(min-width: 0px) and (max-width: 480px) 480px, (min-width: 481px) and (max-width: 980px) 980px, (min-width: 981px) 1200px, 100vw\" \/><\/figure>\n\n\n\n<figure class=\"wp-block-image size-large\"><img decoding=\"async\" width=\"1200\" height=\"900\" data-id=\"1033\" src=\"https:\/\/rutasmototours.com\/wp-content\/uploads\/2025\/11\/parte-3-10-1200x900.jpg\" alt=\"revisi\u00f3n general. embrague, carburadores, fluidos, amortiguadores, suspensi\u00f3n y neum\u00e1ticos\" class=\"wp-image-1033\" srcset=\"https:\/\/rutasmototours.com\/wp-content\/uploads\/2025\/11\/parte-3-10-980x735.jpg 980w, https:\/\/rutasmototours.com\/wp-content\/uploads\/2025\/11\/parte-3-10-480x360.jpg 480w\" sizes=\"(min-width: 0px) and (max-width: 480px) 480px, (min-width: 481px) and (max-width: 980px) 980px, (min-width: 981px) 1200px, 100vw\" \/><figcaption class=\"wp-element-caption\">Inspection g\u00e9n\u00e9rale. Embrayage, carburateurs, niveaux de fluides, amortisseurs, suspension et pneus.<\/figcaption><\/figure>\n\n\n\n<figure class=\"wp-block-image size-large\"><img decoding=\"async\" width=\"1200\" height=\"900\" data-id=\"1032\" src=\"https:\/\/rutasmototours.com\/wp-content\/uploads\/2025\/11\/parte-3-9-1200x900.jpg\" alt=\"\" class=\"wp-image-1032\" srcset=\"https:\/\/rutasmototours.com\/wp-content\/uploads\/2025\/11\/parte-3-9-980x735.jpg 980w, https:\/\/rutasmototours.com\/wp-content\/uploads\/2025\/11\/parte-3-9-480x360.jpg 480w\" sizes=\"(min-width: 0px) and (max-width: 480px) 480px, (min-width: 481px) and (max-width: 980px) 980px, (min-width: 981px) 1200px, 100vw\" \/><\/figure>\n\n\n\n<figure class=\"wp-block-image size-large\"><img decoding=\"async\" width=\"900\" height=\"1200\" data-id=\"1035\" src=\"https:\/\/rutasmototours.com\/wp-content\/uploads\/2025\/11\/parte-3-12-900x1200.jpg\" alt=\"\" class=\"wp-image-1035\"\/><\/figure>\n\n\n\n<figure class=\"wp-block-image size-large\"><img decoding=\"async\" width=\"900\" height=\"1200\" data-id=\"1036\" src=\"https:\/\/rutasmototours.com\/wp-content\/uploads\/2025\/11\/parte-3-13-900x1200.jpg\" alt=\"\" class=\"wp-image-1036\"\/><\/figure>\n\n\n\n<figure class=\"wp-block-image size-large\"><img decoding=\"async\" width=\"900\" height=\"1200\" data-id=\"1034\" src=\"https:\/\/rutasmototours.com\/wp-content\/uploads\/2025\/11\/parte-3-11-900x1200.jpg\" alt=\"\" class=\"wp-image-1034\"\/><\/figure>\n\n\n\n<figure class=\"wp-block-image size-large\"><img decoding=\"async\" width=\"1200\" height=\"900\" data-id=\"1031\" src=\"https:\/\/rutasmototours.com\/wp-content\/uploads\/2025\/11\/parte-3-8-1200x900.jpg\" alt=\"\" class=\"wp-image-1031\" srcset=\"https:\/\/rutasmototours.com\/wp-content\/uploads\/2025\/11\/parte-3-8-980x735.jpg 980w, https:\/\/rutasmototours.com\/wp-content\/uploads\/2025\/11\/parte-3-8-480x360.jpg 480w\" sizes=\"(min-width: 0px) and (max-width: 480px) 480px, (min-width: 481px) and (max-width: 980px) 980px, (min-width: 981px) 1200px, 100vw\" \/><\/figure>\n\n\n\n<figure class=\"wp-block-image size-large\"><img decoding=\"async\" width=\"1200\" height=\"900\" data-id=\"1037\" src=\"https:\/\/rutasmototours.com\/wp-content\/uploads\/2025\/11\/parte-3-14-1200x900.jpg\" alt=\"vistas tomadas durante ese fin de semana\" class=\"wp-image-1037\" srcset=\"https:\/\/rutasmototours.com\/wp-content\/uploads\/2025\/11\/parte-3-14-980x735.jpg 980w, https:\/\/rutasmototours.com\/wp-content\/uploads\/2025\/11\/parte-3-14-480x360.jpg 480w\" sizes=\"(min-width: 0px) and (max-width: 480px) 480px, (min-width: 481px) and (max-width: 980px) 980px, (min-width: 981px) 1200px, 100vw\" \/><figcaption class=\"wp-element-caption\">vues prises durant ce week-end<\/figcaption><\/figure>\n\n\n\n<figure class=\"wp-block-image size-large\"><img decoding=\"async\" width=\"1200\" height=\"900\" data-id=\"1038\" src=\"https:\/\/rutasmototours.com\/wp-content\/uploads\/2025\/11\/parte-3-15-1200x900.jpg\" alt=\"\" class=\"wp-image-1038\" srcset=\"https:\/\/rutasmototours.com\/wp-content\/uploads\/2025\/11\/parte-3-15-980x735.jpg 980w, https:\/\/rutasmototours.com\/wp-content\/uploads\/2025\/11\/parte-3-15-480x360.jpg 480w\" sizes=\"(min-width: 0px) and (max-width: 480px) 480px, (min-width: 481px) and (max-width: 980px) 980px, (min-width: 981px) 1200px, 100vw\" \/><\/figure>\n\n\n\n<figure class=\"wp-block-image size-large\"><img decoding=\"async\" width=\"900\" height=\"1200\" data-id=\"1039\" src=\"https:\/\/rutasmototours.com\/wp-content\/uploads\/2025\/11\/parte-3-16-900x1200.jpg\" alt=\"\" class=\"wp-image-1039\"\/><\/figure>\n\n\n\n<figure class=\"wp-block-image size-large\"><img decoding=\"async\" width=\"1200\" height=\"900\" data-id=\"1041\" src=\"https:\/\/rutasmototours.com\/wp-content\/uploads\/2025\/11\/parte-3-17-1200x900.jpg\" alt=\"\" class=\"wp-image-1041\" srcset=\"https:\/\/rutasmototours.com\/wp-content\/uploads\/2025\/11\/parte-3-17-980x735.jpg 980w, https:\/\/rutasmototours.com\/wp-content\/uploads\/2025\/11\/parte-3-17-480x360.jpg 480w\" sizes=\"(min-width: 0px) and (max-width: 480px) 480px, (min-width: 481px) and (max-width: 980px) 980px, (min-width: 981px) 1200px, 100vw\" \/><\/figure>\n\n\n\n<figure class=\"wp-block-image size-large\"><img decoding=\"async\" width=\"1200\" height=\"900\" data-id=\"1042\" src=\"https:\/\/rutasmototours.com\/wp-content\/uploads\/2025\/11\/parte-3-18-1200x900.jpg\" alt=\"\" class=\"wp-image-1042\" srcset=\"https:\/\/rutasmototours.com\/wp-content\/uploads\/2025\/11\/parte-3-18-980x735.jpg 980w, https:\/\/rutasmototours.com\/wp-content\/uploads\/2025\/11\/parte-3-18-480x360.jpg 480w\" sizes=\"(min-width: 0px) and (max-width: 480px) 480px, (min-width: 481px) and (max-width: 980px) 980px, (min-width: 981px) 1200px, 100vw\" \/><\/figure>\n<\/figure>\n\n\n\n<p class=\"wp-block-paragraph\">Puis, fin 2024, une autre opportunit\u00e9 \u00e0 ne pas manquer s&#039;est pr\u00e9sent\u00e9e\u00a0: un mod\u00e8le de 1985 partiellement restaur\u00e9 en excellent \u00e9tat. Il \u00e9tait rest\u00e9 dans une grange pendant deux ou trois ans.<\/p>\n\n\n\n<figure class=\"wp-block-gallery has-nested-images columns-default is-cropped wp-block-gallery-3 is-layout-flex wp-block-gallery-is-layout-flex\">\n<figure class=\"wp-block-image size-large\"><img decoding=\"async\" width=\"1200\" height=\"900\" data-id=\"1047\" src=\"https:\/\/rutasmototours.com\/wp-content\/uploads\/2025\/11\/parte-3-5-1200x900.jpg\" alt=\"reci\u00e9n salida del granero y de la furgoneta de mi hermano.\" class=\"wp-image-1047\" srcset=\"https:\/\/rutasmototours.com\/wp-content\/uploads\/2025\/11\/parte-3-5-980x735.jpg 980w, https:\/\/rutasmototours.com\/wp-content\/uploads\/2025\/11\/parte-3-5-480x360.jpg 480w\" sizes=\"(min-width: 0px) and (max-width: 480px) 480px, (min-width: 481px) and (max-width: 980px) 980px, (min-width: 981px) 1200px, 100vw\" \/><figcaption class=\"wp-element-caption\">Tout juste sortis de la grange et de la camionnette de mon fr\u00e8re.<\/figcaption><\/figure>\n\n\n\n<figure class=\"wp-block-image size-large\"><img decoding=\"async\" width=\"1200\" height=\"900\" data-id=\"1046\" src=\"https:\/\/rutasmototours.com\/wp-content\/uploads\/2025\/11\/parte-3-4-1200x900.jpg\" alt=\"\" class=\"wp-image-1046\" srcset=\"https:\/\/rutasmototours.com\/wp-content\/uploads\/2025\/11\/parte-3-4-980x735.jpg 980w, https:\/\/rutasmototours.com\/wp-content\/uploads\/2025\/11\/parte-3-4-480x360.jpg 480w\" sizes=\"(min-width: 0px) and (max-width: 480px) 480px, (min-width: 481px) and (max-width: 980px) 980px, (min-width: 981px) 1200px, 100vw\" \/><\/figure>\n\n\n\n<figure class=\"wp-block-image size-large\"><img decoding=\"async\" width=\"1200\" height=\"900\" data-id=\"1048\" src=\"https:\/\/rutasmototours.com\/wp-content\/uploads\/2025\/11\/parte-3-6-1200x900.jpg\" alt=\"despu\u00e9s de una buena ducha, esta moto est\u00e1 magn\u00edfica y s\u00f3lo necesitar\u00e1 pocos trabajos.\" class=\"wp-image-1048\" srcset=\"https:\/\/rutasmototours.com\/wp-content\/uploads\/2025\/11\/parte-3-6-980x735.jpg 980w, https:\/\/rutasmototours.com\/wp-content\/uploads\/2025\/11\/parte-3-6-480x360.jpg 480w\" sizes=\"(min-width: 0px) and (max-width: 480px) 480px, (min-width: 481px) and (max-width: 980px) 980px, (min-width: 981px) 1200px, 100vw\" \/><figcaption class=\"wp-element-caption\">Apr\u00e8s une bonne douche, ce v\u00e9lo est magnifique et ne n\u00e9cessitera que quelques petites r\u00e9parations.<\/figcaption><\/figure>\n<\/figure>\n\n\n\n<p class=\"wp-block-paragraph\">J&#039;en ai r\u00eav\u00e9 en 1987\u2026 Pr\u00e8s de 40 ans se sont \u00e9coul\u00e9s depuis, et ils sont arriv\u00e9s sans que je m&#039;y attende.<br>La rencontre fortuite d&#039;une conversation entre des personnes passionn\u00e9es, suivie de deux belles opportunit\u00e9s quasi coup sur coup.<br>Et je ne me lasse jamais de les admirer.<\/p>\n\n\n\n<p class=\"wp-block-paragraph\">Les motos sont d\u00e9j\u00e0 arriv\u00e9es en Andalousie par une soci\u00e9t\u00e9 de transport, et elles attendent patiemment que je m&#039;en occupe.<br>J&#039;ai pour projet de restaurer ces trois motos entre 2026 et 2027, apr\u00e8s les avoir immatricul\u00e9es en Espagne.<br>La PD03 Paris-Dakar sera tr\u00e8s probablement revendue peu de temps apr\u00e8s.<\/p>\n\n\n\n<p class=\"wp-block-paragraph\">Les deux autres, en revanche, resteront tr\u00e8s pr\u00e8s de moi : l&#039;un sera restaur\u00e9 dans ses couleurs d&#039;origine, l&#039;autre dans une version Pharaon.<br>Et ils sont cens\u00e9s participer \u00e0 ces voyages.<\/p>\n\n\n\n<p class=\"wp-block-paragraph\">D\u2019ici l\u00e0, j\u2019aurai peut-\u00eatre l\u2019occasion d\u2019acqu\u00e9rir un magnifique 750 XLR-V.<br>Ce serait mon Graal\u2026 Et je penserai \u00e0 Thierry, un ami motard du lyc\u00e9e, avec qui, pendant un cours de chimie mol\u00e9culaire, nous avions r\u00eav\u00e9 ensemble devant la brochure que j\u2019avais apport\u00e9e ce jour-l\u00e0.<\/p>","protected":false},"excerpt":{"rendered":"<p>HONDA XL600LM&nbsp;PD04 et XLR600 PD03 PARIS DAKAR : Como les indicaba en la parte 2, el tercer modelo con el que so\u00f1aba a finales de los a\u00f1os 80 era la XL600LM.Recuerdo que sent\u00eda admiraci\u00f3n por aquella magn\u00edfica m\u00e1quina cuando me deten\u00eda en el concesionario Honda de Vannes, en Breta\u00f1a. Y luego, durante el verano de [&hellip;]<\/p>\n","protected":false},"author":1,"featured_media":1045,"comment_status":"closed","ping_status":"closed","sticky":false,"template":"","format":"standard","meta":{"_acf_changed":false,"_et_pb_use_builder":"off","_et_pb_old_content":"<!-- wp:paragraph -->\n<p><strong><u>HONDA XL600LM&nbsp;PD04 et XLR600 PD03 PARIS DAKAR :<\/u><\/strong><\/p>\n<!-- \/wp:paragraph -->\n\n<!-- wp:paragraph -->\n<p>Como les indicaba en la parte 2, el tercer modelo con el que so\u00f1aba a finales de los a\u00f1os 80 era la XL600LM.<br>Recuerdo que sent\u00eda admiraci\u00f3n por aquella magn\u00edfica m\u00e1quina cuando me deten\u00eda en el concesionario Honda de Vannes, en Breta\u00f1a.<\/p>\n<!-- \/wp:paragraph -->\n\n<!-- wp:paragraph -->\n<p>Y luego, durante el verano de 2024, en unas vacaciones en Francia, tuve la ocasi\u00f3n de adquirir una\u2026 \u00a1bueno, dos y media!<br>Una PD04 de junio de 1986, una segunda incompleta pero sin papeles, y una PD03 Par\u00eds-Dakar de diciembre de 1985.<\/p>\n<!-- \/wp:paragraph -->\n\n<!-- wp:paragraph -->\n<p>La 600 XLR PD03 Par\u00eds-Dakar no arranca y deber\u00e1 ser completamente restaurada. Afortunadamente, el lote inclu\u00eda un segundo motor as\u00ed como numerosas piezas de repuesto. Su resurrecci\u00f3n, prevista para 2026, ser\u00e1 objeto de un art\u00edculo dedicado.<\/p>\n<!-- \/wp:paragraph -->\n\n<!-- wp:paragraph -->\n<p>La 600 XLLM, por su parte, est\u00e1 en su estado original, pero arranca y rueda. Sin embargo, ser\u00e1 necesario un desmontaje casi integral para devolverle el orgullo de sus comienzos.<\/p>\n<!-- \/wp:paragraph -->\n\n<!-- wp:gallery {\"linkTo\":\"none\"} -->\n<figure class=\"wp-block-gallery has-nested-images columns-default is-cropped\"><!-- wp:image {\"id\":553,\"sizeSlug\":\"large\",\"linkDestination\":\"none\"} -->\n<figure class=\"wp-block-image size-large\"><img src=\"https:\/\/rutasmototours.com\/wp-content\/uploads\/2025\/11\/Imagen79.jpg\" alt=\"\" class=\"wp-image-553\"\/><\/figure>\n<!-- \/wp:image -->\n\n<!-- wp:image {\"id\":552,\"sizeSlug\":\"large\",\"linkDestination\":\"none\"} -->\n<figure class=\"wp-block-image size-large\"><img src=\"https:\/\/rutasmototours.com\/wp-content\/uploads\/2025\/11\/Imagen80.jpg\" alt=\"\" class=\"wp-image-552\"\/><figcaption class=\"wp-element-caption\">Las motos est\u00e1n preparadas para pasar la inspecci\u00f3n t\u00e9cnica con el fin de poder tener los documentos en regla.<\/figcaption><\/figure>\n<!-- \/wp:image -->\n\n<!-- wp:image {\"id\":551,\"sizeSlug\":\"large\",\"linkDestination\":\"none\"} -->\n<figure class=\"wp-block-image size-large\"><img src=\"https:\/\/rutasmototours.com\/wp-content\/uploads\/2025\/11\/Imagen81.jpg\" alt=\"\" class=\"wp-image-551\"\/><\/figure>\n<!-- \/wp:image --><\/figure>\n<!-- \/wp:gallery -->\n\n<!-- wp:paragraph -->\n<p>En abril pasado, cuando todav\u00eda estaban en Francia en casa de mi hermano, una concentraci\u00f3n de motos cl\u00e1sicas se impuso como un evento ineludible para su club.<\/p>\n<!-- \/wp:paragraph -->\n\n<!-- wp:paragraph -->\n<p>As\u00ed que emprendi\u00f3 una revisi\u00f3n general para que pudiera presentarse en mejores condiciones, pero sobre todo para que fuera capaz de recorrer los 1500 km de ida y vuelta.<\/p>\n<!-- \/wp:paragraph -->\n\n<!-- wp:gallery {\"linkTo\":\"none\"} -->\n<figure class=\"wp-block-gallery has-nested-images columns-default is-cropped\"><!-- wp:image {\"id\":561,\"sizeSlug\":\"large\",\"linkDestination\":\"none\"} -->\n<figure class=\"wp-block-image size-large\"><img src=\"https:\/\/rutasmototours.com\/wp-content\/uploads\/2025\/11\/Imagen82.jpg\" alt=\"\" class=\"wp-image-561\"\/><\/figure>\n<!-- \/wp:image -->\n\n<!-- wp:image {\"id\":559,\"sizeSlug\":\"large\",\"linkDestination\":\"none\"} -->\n<figure class=\"wp-block-image size-large\"><img src=\"https:\/\/rutasmototours.com\/wp-content\/uploads\/2025\/11\/Imagen83.jpg\" alt=\"\" class=\"wp-image-559\"\/><figcaption class=\"wp-element-caption\"><strong>revisi\u00f3n general. embrague, carburadores, fluidos, amortiguadores, suspensi\u00f3n y neum\u00e1ticos<\/strong><\/figcaption><\/figure>\n<!-- \/wp:image -->\n\n<!-- wp:image {\"id\":564,\"sizeSlug\":\"large\",\"linkDestination\":\"none\"} -->\n<figure class=\"wp-block-image size-large\"><img src=\"https:\/\/rutasmototours.com\/wp-content\/uploads\/2025\/11\/Imagen84.jpg\" alt=\"\" class=\"wp-image-564\"\/><\/figure>\n<!-- \/wp:image -->\n\n<!-- wp:image {\"id\":560,\"sizeSlug\":\"large\",\"linkDestination\":\"none\"} -->\n<figure class=\"wp-block-image size-large\"><img src=\"https:\/\/rutasmototours.com\/wp-content\/uploads\/2025\/11\/Imagen85.jpg\" alt=\"\" class=\"wp-image-560\"\/><\/figure>\n<!-- \/wp:image -->\n\n<!-- wp:image {\"id\":557,\"sizeSlug\":\"large\",\"linkDestination\":\"none\"} -->\n<figure class=\"wp-block-image size-large\"><img src=\"https:\/\/rutasmototours.com\/wp-content\/uploads\/2025\/11\/Imagen86.jpg\" alt=\"\" class=\"wp-image-557\"\/><\/figure>\n<!-- \/wp:image -->\n\n<!-- wp:image {\"id\":558,\"sizeSlug\":\"large\",\"linkDestination\":\"none\"} -->\n<figure class=\"wp-block-image size-large\"><img src=\"https:\/\/rutasmototours.com\/wp-content\/uploads\/2025\/11\/Imagen87.jpg\" alt=\"\" class=\"wp-image-558\"\/><\/figure>\n<!-- \/wp:image -->\n\n<!-- wp:image {\"id\":556,\"sizeSlug\":\"large\",\"linkDestination\":\"none\"} -->\n<figure class=\"wp-block-image size-large\"><img src=\"https:\/\/rutasmototours.com\/wp-content\/uploads\/2025\/11\/Imagen88.jpg\" alt=\"\" class=\"wp-image-556\"\/><\/figure>\n<!-- \/wp:image -->\n\n<!-- wp:image {\"id\":565,\"sizeSlug\":\"large\",\"linkDestination\":\"none\"} -->\n<figure class=\"wp-block-image size-large\"><img src=\"https:\/\/rutasmototours.com\/wp-content\/uploads\/2025\/11\/Imagen89.jpg\" alt=\"\" class=\"wp-image-565\"\/><figcaption class=\"wp-element-caption\"><strong>vistas tomadas durante ese fin de semana<\/strong><\/figcaption><\/figure>\n<!-- \/wp:image -->\n\n<!-- wp:image {\"id\":562,\"sizeSlug\":\"large\",\"linkDestination\":\"none\"} -->\n<figure class=\"wp-block-image size-large\"><img src=\"https:\/\/rutasmototours.com\/wp-content\/uploads\/2025\/11\/Imagen90.jpg\" alt=\"\" class=\"wp-image-562\"\/><\/figure>\n<!-- \/wp:image -->\n\n<!-- wp:image {\"id\":555,\"sizeSlug\":\"large\",\"linkDestination\":\"none\"} -->\n<figure class=\"wp-block-image size-large\"><img src=\"https:\/\/rutasmototours.com\/wp-content\/uploads\/2025\/11\/Imagen91.jpg\" alt=\"\" class=\"wp-image-555\"\/><\/figure>\n<!-- \/wp:image -->\n\n<!-- wp:image {\"id\":563,\"sizeSlug\":\"large\",\"linkDestination\":\"none\"} -->\n<figure class=\"wp-block-image size-large\"><img src=\"https:\/\/rutasmototours.com\/wp-content\/uploads\/2025\/11\/Imagen92.jpg\" alt=\"\" class=\"wp-image-563\"\/><\/figure>\n<!-- \/wp:image -->\n\n<!-- wp:image {\"id\":554,\"sizeSlug\":\"large\",\"linkDestination\":\"none\"} -->\n<figure class=\"wp-block-image size-large\"><img src=\"https:\/\/rutasmototours.com\/wp-content\/uploads\/2025\/11\/Imagen93.jpg\" alt=\"\" class=\"wp-image-554\"\/><figcaption class=\"wp-element-caption\"><strong>tuvo un enorme \u00e9xito<\/strong><\/figcaption><\/figure>\n<!-- \/wp:image --><\/figure>\n<!-- \/wp:gallery -->\n\n<!-- wp:paragraph -->\n<p>Y luego, a finales de 2024, se present\u00f3 otra oportunidad que no hab\u00eda que dejar escapar: un modelo de 1985 parcialmente restaurado y en excelente estado. Hab\u00eda estado durmiendo en un granero durante dos o tres a\u00f1os.<\/p>\n<!-- \/wp:paragraph -->\n\n<!-- wp:gallery {\"linkTo\":\"none\"} -->\n<figure class=\"wp-block-gallery has-nested-images columns-default is-cropped\"><!-- wp:image {\"id\":566,\"sizeSlug\":\"large\",\"linkDestination\":\"none\"} -->\n<figure class=\"wp-block-image size-large\"><img src=\"https:\/\/rutasmototours.com\/wp-content\/uploads\/2025\/11\/Imagen95.jpg\" alt=\"\" class=\"wp-image-566\"\/><figcaption class=\"wp-element-caption\">reci\u00e9n salida del granero y de la furgoneta de mi hermano.<\/figcaption><\/figure>\n<!-- \/wp:image -->\n\n<!-- wp:image {\"id\":567,\"sizeSlug\":\"large\",\"linkDestination\":\"none\"} -->\n<figure class=\"wp-block-image size-large\"><img src=\"https:\/\/rutasmototours.com\/wp-content\/uploads\/2025\/11\/Imagen94.jpg\" alt=\"\" class=\"wp-image-567\"\/><\/figure>\n<!-- \/wp:image -->\n\n<!-- wp:image {\"id\":568,\"sizeSlug\":\"large\",\"linkDestination\":\"none\"} -->\n<figure class=\"wp-block-image size-large\"><img src=\"https:\/\/rutasmototours.com\/wp-content\/uploads\/2025\/11\/Imagen96.jpg\" alt=\"\" class=\"wp-image-568\"\/><figcaption class=\"wp-element-caption\">despu\u00e9s de una buena ducha, esta moto est\u00e1 magn\u00edfica y s\u00f3lo necesitar\u00e1 pocos trabajos.<\/figcaption><\/figure>\n<!-- \/wp:image --><\/figure>\n<!-- \/wp:gallery -->\n\n<!-- wp:paragraph -->\n<p>Lo so\u00f1aba en 1987\u2026 Casi 40 a\u00f1os han pasado desde entonces, y llegaron sin que me lo esperara.<br>La casualidad de una charla entre apasionados, seguida de dos buenas oportunidades casi seguidas.<br>Y no me canso de admirarlas.<\/p>\n<!-- \/wp:paragraph -->\n\n<!-- wp:paragraph -->\n<p>Las motos han llegado ya a Andaluc\u00eda a trav\u00e9s de un transportista, y esperan tranquilamente a que me ocupe de ellas.<br>Tengo el proyecto de restaurar estas tres motos entre 2026 y 2027, despu\u00e9s de haberlas matriculado en Espa\u00f1a.<br>La PD03 Par\u00eds-Dakar muy probablemente ser\u00e1 revendida poco despu\u00e9s.<\/p>\n<!-- \/wp:paragraph -->\n\n<!-- wp:paragraph -->\n<p>Las otras dos, en cambio, se quedar\u00e1n bien cerca de m\u00ed: una ser\u00e1 restaurada en sus colores originales, la otra en versi\u00f3n Fara\u00f3n.<br>Y est\u00e1 previsto que participen en los viajes.<\/p>\n<!-- \/wp:paragraph -->\n\n<!-- wp:paragraph -->\n<p>De aqu\u00ed a entonces, quiz\u00e1 tenga la ocasi\u00f3n de adquirir una magn\u00edfica 750 XLR-V.<br>Ser\u00eda mi Grial\u2026 Y pensar\u00e9 en Thierry, un amigo motero del instituto, con quien, durante una clase de qu\u00edmica molecular, so\u00f1\u00e1bamos juntos frente al folleto que yo hab\u00eda llevado aquel d\u00eda.<\/p>\n<!-- \/wp:paragraph -->","_et_gb_content_width":"","_joinchat":[],"footnotes":""},"categories":[1],"tags":[],"class_list":["post-550","post","type-post","status-publish","format-standard","has-post-thumbnail","hentry","category-publicaciones"],"acf":[],"_links":{"self":[{"href":"https:\/\/rutasmototours.com\/fr\/wp-json\/wp\/v2\/posts\/550","targetHints":{"allow":["GET"]}}],"collection":[{"href":"https:\/\/rutasmototours.com\/fr\/wp-json\/wp\/v2\/posts"}],"about":[{"href":"https:\/\/rutasmototours.com\/fr\/wp-json\/wp\/v2\/types\/post"}],"author":[{"embeddable":true,"href":"https:\/\/rutasmototours.com\/fr\/wp-json\/wp\/v2\/users\/1"}],"replies":[{"embeddable":true,"href":"https:\/\/rutasmototours.com\/fr\/wp-json\/wp\/v2\/comments?post=550"}],"version-history":[{"count":0,"href":"https:\/\/rutasmototours.com\/fr\/wp-json\/wp\/v2\/posts\/550\/revisions"}],"wp:featuredmedia":[{"embeddable":true,"href":"https:\/\/rutasmototours.com\/fr\/wp-json\/wp\/v2\/media\/1045"}],"wp:attachment":[{"href":"https:\/\/rutasmototours.com\/fr\/wp-json\/wp\/v2\/media?parent=550"}],"wp:term":[{"taxonomy":"category","embeddable":true,"href":"https:\/\/rutasmototours.com\/fr\/wp-json\/wp\/v2\/categories?post=550"},{"taxonomy":"post_tag","embeddable":true,"href":"https:\/\/rutasmototours.com\/fr\/wp-json\/wp\/v2\/tags?post=550"}],"curies":[{"name":"wp","href":"https:\/\/api.w.org\/{rel}","templated":true}]}}