{"id":2548,"date":"2026-07-31T20:13:46","date_gmt":"2026-07-31T18:13:46","guid":{"rendered":"https:\/\/rutasmototours.com\/?p=2548"},"modified":"2026-08-04T11:51:44","modified_gmt":"2026-08-04T09:51:44","slug":"viajar-marruecos-septiembre-octubre-moto","status":"publish","type":"post","link":"https:\/\/rutasmototours.com\/fr\/viajar-marruecos-septiembre-octubre-moto\/","title":{"rendered":"Voyager au Maroc en septembre et octobre\u00a0: la meilleure p\u00e9riode pour d\u00e9couvrir le pays en moto"},"content":{"rendered":"<p class=\"wp-block-paragraph\">D\u00e9couvrez pourquoi septembre et octobre sont les meilleurs mois pour profiter d&#039;un voyage \u00e0 moto \u00e0 travers le Maroc\u00a0: temp\u00e9ratures id\u00e9ales, routes spectaculaires, villes historiques et paysages inoubliables.<\/p>\n\n\n\n<div class=\"wp-block-rank-math-toc-block\" id=\"rank-math-toc\"><h2>Table des mati\u00e8res<\/h2><nav><ul><li class=\"\"><a href=\"#el-cuaderno-de-ruta-de-christophe\">La feuille de route de Christophe<\/a><\/li><li class=\"\"><a href=\"#temperaturas-perfectas-para-disfrutar-de-la-conduccion\">Des temp\u00e9ratures id\u00e9ales pour profiter de la conduite<\/a><\/li><li class=\"\"><a href=\"#el-atlas-el-rif-y-el-desierto-muestran-su-mejor-cara\">Les montagnes de l&#039;Atlas, les montagnes du Rif et le d\u00e9sert d\u00e9voilent leur plus beau visage.<\/a><\/li><li class=\"\"><a href=\"#una-luz-que-transforma-cada-paisaje\">Une lumi\u00e8re qui transforme chaque paysage<\/a><\/li><li class=\"\"><a href=\"#cada-etapa-invita-a-detenerse\">Chaque \u00e9tape vous invite \u00e0 faire une pause<\/a><\/li><li class=\"\"><a href=\"#lo-que-dicen-nuestros-viajeros\">Ce que disent nos voyageurs<\/a><\/li><li class=\"\"><a href=\"#te-gustaria-descubrir-marruecos-con-nosotros\">Aimeriez-vous d\u00e9couvrir le Maroc avec nous ?<\/a><\/li><li class=\"\"><a href=\"#marruecos-no-se-visita-se-vive\">Le Maroc n&#039;est pas un lieu de visite, c&#039;est un pays o\u00f9 l&#039;on vit.<\/a><\/li><li class=\"\"><a href=\"#preguntas-frecuentes\">Foire aux questions<\/a><\/li><li class=\"\"><a href=\"#sobre-el-autor\">\u00c0 propos de l&#039;auteur<\/a><\/li><\/ul><\/nav><\/div>\n\n\n\n<h2 id=\"el-cuaderno-de-ruta-de-christophe\" class=\"wp-block-heading\"><strong>La feuille de route de Christophe<\/strong><\/h2>\n\n\n\n<p class=\"wp-block-paragraph\">\u00ab Si je devais choisir une seule p\u00e9riode de l&#039;ann\u00e9e pour faire d\u00e9couvrir le Maroc \u00e0 moto, je ne choisirais pas l&#039;\u00e9t\u00e9. \u00bb.<\/p>\n\n\n\n<p class=\"wp-block-paragraph\">Je choisirais septembre.<\/p>\n\n\n\n<p class=\"wp-block-paragraph\">Et octobre.<\/p>\n\n\n\n<p class=\"wp-block-paragraph\">Car c&#039;est alors que le Maroc retrouve son v\u00e9ritable rythme.<\/p>\n\n\n\n<p class=\"wp-block-paragraph\">La chaleur extr\u00eame dispara\u00eet.<\/p>\n\n\n\n<p class=\"wp-block-paragraph\">Les routes sont \u00e0 nouveau un plaisir.<\/p>\n\n\n\n<p class=\"wp-block-paragraph\">Les montagnes retrouvent des temp\u00e9ratures id\u00e9ales.<\/p>\n\n\n\n<p class=\"wp-block-paragraph\">Et le d\u00e9sert offre des couchers de soleil qui ne cessent de m&#039;\u00e9merveiller.<\/p>\n\n\n\n<p class=\"wp-block-paragraph\">Apr\u00e8s tant de voyages, je reste convaincu que c&#039;est le meilleur moment pour d\u00e9couvrir ce pays \u00e0 v\u00e9lo.\u00bb<\/p>\n\n\n\n<p class=\"wp-block-paragraph\">Le Maroc change compl\u00e8tement apr\u00e8s l&#039;\u00e9t\u00e9.<\/p>\n\n\n\n<p class=\"wp-block-paragraph\">Quand on pense au Maroc, on imagine g\u00e9n\u00e9ralement une chaleur intense tout au long de l&#039;ann\u00e9e.<\/p>\n\n\n\n<p class=\"wp-block-paragraph\">Cependant, cette image est loin de la r\u00e9alit\u00e9.<\/p>\n\n\n\n<p class=\"wp-block-paragraph\">Avec l&#039;arriv\u00e9e du mois de septembre, le pays change compl\u00e8tement.<\/p>\n\n\n\n<p class=\"wp-block-paragraph\">Les temp\u00e9ratures deviennent beaucoup plus agr\u00e9ables.<\/p>\n\n\n\n<p class=\"wp-block-paragraph\">Les routes retrouvent leur tranquillit\u00e9.<\/p>\n\n\n\n<p class=\"wp-block-paragraph\">Et parcourir le Maroc \u00e0 moto est \u00e0 nouveau un vrai plaisir.<\/p>\n\n\n\n<p class=\"wp-block-paragraph\">C&#039;est pourquoi la plupart de nos voyages sont organis\u00e9s en automne.<\/p>\n\n\n\n<p class=\"wp-block-paragraph\"><\/p>\n\n\n\n<h2 id=\"temperaturas-perfectas-para-disfrutar-de-la-conduccion\" class=\"wp-block-heading\"><strong>Des temp\u00e9ratures id\u00e9ales pour profiter de la conduite<\/strong><\/h2>\n\n\n\n<p class=\"wp-block-paragraph\">Tous les motocyclistes savent que conduire pendant des heures par une chaleur extr\u00eame finit par \u00eatre \u00e9puisant.<\/p>\n\n\n\n<p class=\"wp-block-paragraph\">En septembre et octobre, c&#039;est exactement l&#039;inverse qui se produit.<\/p>\n\n\n\n<p class=\"wp-block-paragraph\">Les matins sont frais.<\/p>\n\n\n\n<p class=\"wp-block-paragraph\">Les apr\u00e8s-midis sont encore ensoleill\u00e9s.<\/p>\n\n\n\n<p class=\"wp-block-paragraph\">Et la m\u00e9t\u00e9o vous permet de profiter pleinement de chaque \u00e9tape.<\/p>\n\n\n\n<p class=\"wp-block-paragraph\">Il n&#039;est plus n\u00e9cessaire de constamment chercher l&#039;ombre ou de faire des pauses pour \u00e9chapper \u00e0 la chaleur.<\/p>\n\n\n\n<p class=\"wp-block-paragraph\">Il ne reste qu&#039;une seule pr\u00e9occupation.<\/p>\n\n\n\n<p class=\"wp-block-paragraph\">Profitez de la route.<\/p>\n\n\n\n<p class=\"wp-block-paragraph\"><\/p>\n\n\n\n<h2 id=\"el-atlas-el-rif-y-el-desierto-muestran-su-mejor-cara\" class=\"wp-block-heading\"><strong>Les montagnes de l&#039;Atlas, les montagnes du Rif et le d\u00e9sert d\u00e9voilent leur plus beau visage.<\/strong><\/h2>\n\n\n\n<p class=\"wp-block-paragraph\">L&#039;un des grands avantages de voyager en automne est l&#039;immense vari\u00e9t\u00e9 des paysages.<\/p>\n\n\n\n<p class=\"wp-block-paragraph\">Nous pouvons traverser les monts Rif par des temp\u00e9ratures tr\u00e8s agr\u00e9ables.<\/p>\n\n\n\n<p class=\"wp-block-paragraph\">Admirez les cols spectaculaires du Moyen et du Haut Atlas.<\/p>\n\n\n\n<p class=\"wp-block-paragraph\">Dormez au milieu des dunes de Merzouga, \u00e0 l&#039;abri de la chaleur \u00e9touffante de l&#039;\u00e9t\u00e9.<\/p>\n\n\n\n<p class=\"wp-block-paragraph\">Ou explorez les oasis et les palmeraies de la vall\u00e9e du Ziz sous une lumi\u00e8re extraordinaire.<\/p>\n\n\n\n<p class=\"wp-block-paragraph\">Chaque r\u00e9gion offre une exp\u00e9rience totalement diff\u00e9rente.<\/p>\n\n\n\n<p class=\"wp-block-paragraph\">Et elles sont toutes plus jolies \u00e0 cette p\u00e9riode de l&#039;ann\u00e9e.<\/p>\n\n\n\n<p class=\"wp-block-paragraph\"><\/p>\n\n\n\n<h2 id=\"una-luz-que-transforma-cada-paisaje\" class=\"wp-block-heading\"><strong>Une lumi\u00e8re qui transforme chaque paysage<\/strong><\/h2>\n\n\n\n<p class=\"wp-block-paragraph\">Il y a un d\u00e9tail dont on parle rarement.<\/p>\n\n\n\n<p class=\"wp-block-paragraph\">La lumi\u00e8re.<\/p>\n\n\n\n<p class=\"wp-block-paragraph\">En automne, les couleurs changent.<\/p>\n\n\n\n<p class=\"wp-block-paragraph\">Les montagnes prennent des teintes ocre.<\/p>\n\n\n\n<p class=\"wp-block-paragraph\">Les palmiers contrastent avec le bleu intense du ciel.<\/p>\n\n\n\n<p class=\"wp-block-paragraph\">Les murs des villes imp\u00e9riales paraissent encore plus dor\u00e9s.<\/p>\n\n\n\n<p class=\"wp-block-paragraph\">Et le d\u00e9sert offre certains des couchers de soleil les plus spectaculaires que j&#039;aie jamais vus.<\/p>\n\n\n\n<p class=\"wp-block-paragraph\">Les photos se prennent toutes seules.<\/p>\n\n\n\n<p class=\"wp-block-paragraph\">Mais, comme je le dis toujours lors de nos voyages\u2026<\/p>\n\n\n\n<p class=\"wp-block-paragraph\">Les meilleurs souvenirs ne tiennent jamais dans un appareil photo.<\/p>\n\n\n\n<p class=\"wp-block-paragraph\"><strong>Mon avis personnel<\/strong><\/p>\n\n\n\n<p class=\"wp-block-paragraph\">Si vous avez le choix de la p\u00e9riode de votre voyage au Maroc, optez pour septembre ou octobre.<\/p>\n\n\n\n<p class=\"wp-block-paragraph\">Vous b\u00e9n\u00e9ficierez d&#039;un climat beaucoup plus agr\u00e9able.<\/p>\n\n\n\n<p class=\"wp-block-paragraph\">Vous constaterez une circulation moins dense.<\/p>\n\n\n\n<p class=\"wp-block-paragraph\">Vous conduirez beaucoup plus confortablement.<\/p>\n\n\n\n<p class=\"wp-block-paragraph\">Et vous d\u00e9couvrirez un Maroc bien plus authentique.<\/p>\n\n\n\n<p class=\"wp-block-paragraph\">Pour moi, c&#039;est la meilleure p\u00e9riode de l&#039;ann\u00e9e pour parcourir ce pays \u00e0 moto.<\/p>\n\n\n\n<p class=\"wp-block-paragraph\"><\/p>\n\n\n\n<h2 id=\"cada-etapa-invita-a-detenerse\" class=\"wp-block-heading\"><strong>Chaque \u00e9tape vous invite \u00e0 faire une pause<\/strong><\/h2>\n\n\n\n<p class=\"wp-block-paragraph\">Lorsque je planifie un voyage, je ne pense jamais uniquement \u00e0 la destination.<\/p>\n\n\n\n<p class=\"wp-block-paragraph\">Je r\u00e9fl\u00e9chis \u00e0 tout ce qui se passe entre deux points.<\/p>\n\n\n\n<p class=\"wp-block-paragraph\">C\u2019est pourquoi nos itin\u00e9raires passent par des lieux aussi exceptionnels que\u00a0:<\/p>\n\n\n\n<ul class=\"wp-block-list\">\n<li>Chefchaouen, la ville bleue.<\/li>\n\n\n\n<li>Les ruines romaines de Volubilis.<\/li>\n\n\n\n<li>Les villes imp\u00e9riales de F\u00e8s et de Mekn\u00e8s.<\/li>\n\n\n\n<li>Les ports du Moyen et du Haut Atlas.<\/li>\n\n\n\n<li>La vall\u00e9e du Ziz.<\/li>\n\n\n\n<li>Les dunes de Merzouga.<\/li>\n\n\n\n<li>A\u00eft Ben Haddou.<\/li>\n\n\n\n<li>La c\u00f4te atlantique.<\/li>\n<\/ul>\n\n\n\n<p class=\"wp-block-paragraph\">Notre objectif n&#039;est pas de parcourir le plus grand nombre de kilom\u00e8tres possible.<\/p>\n\n\n\n<p class=\"wp-block-paragraph\">Nous voulons que chaque jour laisse un souvenir imp\u00e9rissable.<\/p>\n\n\n\n<p class=\"wp-block-paragraph\">Parce qu&#039;un voyage \u00e0 moto ne se mesure jamais en distance.<\/p>\n\n\n\n<p class=\"wp-block-paragraph\">Elle se mesure aux \u00e9motions qui persistent longtemps apr\u00e8s le retour \u00e0 la maison.<\/p>\n\n\n\n<p class=\"wp-block-paragraph\"><\/p>\n\n\n\n<h2 id=\"lo-que-dicen-nuestros-viajeros\" class=\"wp-block-heading\"><strong>Ce que disent nos voyageurs<\/strong><\/h2>\n\n\n\n<p class=\"wp-block-paragraph\">\u00ab J&#039;ai eu le plaisir de d\u00e9couvrir le Maroc avec Rutas Moto Tours et ce fut une exp\u00e9rience inoubliable. Tout \u00e9tait parfaitement organis\u00e9 et les routes \u00e9taient spectaculaires. Un voyage que je referais sans h\u00e9siter. \u00bb<\/p>\n\n\n\n<p class=\"wp-block-paragraph\">\u2b50\u2b50\u2b50\u2b50\u2b50 Luis Castro<\/p>\n\n\n\n<p class=\"wp-block-paragraph\">Chaque fois que je lis un commentaire comme celui-ci, j&#039;ai l&#039;impression que nous avons atteint notre objectif.<\/p>\n\n\n\n<p class=\"wp-block-paragraph\">Pas seulement l&#039;enseignement du Maroc.<\/p>\n\n\n\n<p class=\"wp-block-paragraph\">Mais plut\u00f4t \u00e9veiller le d\u00e9sir de revenir.<\/p>\n\n\n\n<p class=\"wp-block-paragraph\"><\/p>\n\n\n\n<h2 id=\"te-gustaria-descubrir-marruecos-con-nosotros\" class=\"wp-block-heading\"><strong>Aimeriez-vous d\u00e9couvrir le Maroc avec nous ?<\/strong><\/h2>\n\n\n\n<p class=\"wp-block-paragraph\">Si vous r\u00eavez de parcourir les routes les plus spectaculaires du Maroc sans vous soucier de l&#039;organisation, des h\u00f4tels ou de l&#039;itin\u00e9raire, je vous invite \u00e0 d\u00e9couvrir nos prochains voyages organis\u00e9s.<\/p>\n\n\n\n<p class=\"wp-block-paragraph\">\ud83d\udc49 Consultez cette page pour conna\u00eetre les prochains d\u00e9parts et les places disponibles. <a href=\"https:\/\/rutasmototours.com\/fr\/mhad9-acompanado-del-19-al-27-de-septiembre-de-2026\/\">https:\/\/rutasmototours.com\/mhad9-acompanado-del-19-al-27-de-septiembre-de-2026\/<\/a><\/p>\n\n\n\n<p class=\"wp-block-paragraph\"><\/p>\n\n\n\n<h2 id=\"marruecos-no-se-visita-se-vive\" class=\"wp-block-heading\"><strong>Le Maroc n&#039;est pas un lieu de visite, c&#039;est un pays o\u00f9 l&#039;on vit.<\/strong><\/h2>\n\n\n\n<p class=\"wp-block-paragraph\">Il y a quelque chose qui continue de me surprendre \u00e0 chaque fois que je traverse le d\u00e9troit.<\/p>\n\n\n\n<p class=\"wp-block-paragraph\">M\u00eame si je connais chaque route, chaque col de montagne et chaque ville, je d\u00e9couvre toujours quelque chose de nouveau.<\/p>\n\n\n\n<p class=\"wp-block-paragraph\">Une lumi\u00e8re diff\u00e9rente.<\/p>\n\n\n\n<p class=\"wp-block-paragraph\">Une conversation inattendue.<\/p>\n\n\n\n<p class=\"wp-block-paragraph\">Un sourire.<\/p>\n\n\n\n<p class=\"wp-block-paragraph\">Un paysage qui semblait identique\u2026 mais qui ne l\u2019est jamais.<\/p>\n\n\n\n<p class=\"wp-block-paragraph\">C&#039;est peut-\u00eatre l\u00e0 le v\u00e9ritable secret du Maroc.<\/p>\n\n\n\n<p class=\"wp-block-paragraph\">Cela parvient toujours \u00e0 vous enthousiasmer comme si c&#039;\u00e9tait la premi\u00e8re fois.<\/p>\n\n\n\n<p class=\"wp-block-paragraph\"><\/p>\n\n\n\n<p class=\"wp-block-paragraph\"><\/p>\n\n\n\n<h2 id=\"preguntas-frecuentes\" class=\"wp-block-heading\"><strong>Foire aux questions<\/strong><\/h2>\n\n\n\n<p class=\"wp-block-paragraph\"><strong>Quelle est la meilleure p\u00e9riode pour voyager en moto au Maroc ?<\/strong><\/p>\n\n\n\n<p class=\"wp-block-paragraph\">Le printemps et l&#039;automne sont les meilleures saisons. Personnellement, je pr\u00e9f\u00e8re septembre et octobre pour l&#039;\u00e9quilibre entre la m\u00e9t\u00e9o, le calme et l&#039;\u00e9tat des routes.<\/p>\n\n\n\n<p class=\"wp-block-paragraph\"><strong>Fait-il trop chaud en septembre ?<\/strong><\/p>\n\n\n\n<p class=\"wp-block-paragraph\">Non. Les temp\u00e9ratures sont beaucoup plus douces qu&#039;en \u00e9t\u00e9 et permettent de profiter pleinement de la conduite, m\u00eame dans les zones d\u00e9sertiques.<\/p>\n\n\n\n<p class=\"wp-block-paragraph\"><strong>Cet itin\u00e9raire convient-il \u00e0 tous les motocyclistes ?<\/strong><\/p>\n\n\n\n<p class=\"wp-block-paragraph\">Oui. Nos voyages sont con\u00e7us pour les motards habitu\u00e9s aux longs trajets routiers et qui souhaitent profiter du voyage \u00e0 un rythme tranquille.<\/p>\n\n\n\n<p class=\"wp-block-paragraph\"><strong>Sur quel type de routes allons-nous voyager ?<\/strong><\/p>\n\n\n\n<p class=\"wp-block-paragraph\">Routes de montagne, cols de l&#039;Atlas, petites routes secondaires, villes historiques, oasis, d\u00e9sert et quelques-uns des itin\u00e9raires panoramiques les plus spectaculaires du Maroc.<\/p>\n\n\n\n<p class=\"wp-block-paragraph\"><\/p>\n\n\n\n<h2 id=\"sobre-el-autor\" class=\"wp-block-heading\"><strong>\u00c0 propos de l&#039;auteur<\/strong><\/h2>\n\n\n\n<p class=\"wp-block-paragraph\">Je suis Christophe PASCO, fondateur de Rutas Moto Tours et organisateur de voyages \u00e0 moto \u00e0 travers le Maroc, l&#039;Andalousie et le Portugal.<\/p>\n\n\n\n<p class=\"wp-block-paragraph\">Je vis en Andalousie, \u00e0 quelques kilom\u00e8tres du Maroc, et depuis des ann\u00e9es, je traverse le d\u00e9troit de Gibraltar pour guider nos groupes sur les routes les plus spectaculaires du pays. Tous les itin\u00e9raires que nous proposons ont \u00e9t\u00e9 parcourus personnellement afin de garantir une exp\u00e9rience authentique, s\u00fbre et minutieusement pr\u00e9par\u00e9e.<\/p>","protected":false},"excerpt":{"rendered":"<p>Descubre por qu\u00e9 septiembre y octubre son los mejores meses para disfrutar de un viaje en moto por Marruecos: temperaturas ideales, carreteras espectaculares, ciudades hist\u00f3ricas y paisajes inolvidables. El cuaderno de ruta de Christophe \u00abSi tuviera que elegir una \u00fanica \u00e9poca del a\u00f1o para ense\u00f1ar Marruecos en moto, no elegir\u00eda el verano. Elegir\u00eda septiembre. Y [&hellip;]<\/p>\n","protected":false},"author":2,"featured_media":2478,"comment_status":"closed","ping_status":"open","sticky":false,"template":"","format":"standard","meta":{"_acf_changed":false,"_et_pb_use_builder":"","_et_pb_old_content":"","_et_gb_content_width":"","_joinchat":[],"footnotes":""},"categories":[1],"tags":[],"class_list":["post-2548","post","type-post","status-publish","format-standard","has-post-thumbnail","hentry","category-publicaciones"],"acf":[],"_links":{"self":[{"href":"https:\/\/rutasmototours.com\/fr\/wp-json\/wp\/v2\/posts\/2548","targetHints":{"allow":["GET"]}}],"collection":[{"href":"https:\/\/rutasmototours.com\/fr\/wp-json\/wp\/v2\/posts"}],"about":[{"href":"https:\/\/rutasmototours.com\/fr\/wp-json\/wp\/v2\/types\/post"}],"author":[{"embeddable":true,"href":"https:\/\/rutasmototours.com\/fr\/wp-json\/wp\/v2\/users\/2"}],"replies":[{"embeddable":true,"href":"https:\/\/rutasmototours.com\/fr\/wp-json\/wp\/v2\/comments?post=2548"}],"version-history":[{"count":3,"href":"https:\/\/rutasmototours.com\/fr\/wp-json\/wp\/v2\/posts\/2548\/revisions"}],"predecessor-version":[{"id":2556,"href":"https:\/\/rutasmototours.com\/fr\/wp-json\/wp\/v2\/posts\/2548\/revisions\/2556"}],"wp:featuredmedia":[{"embeddable":true,"href":"https:\/\/rutasmototours.com\/fr\/wp-json\/wp\/v2\/media\/2478"}],"wp:attachment":[{"href":"https:\/\/rutasmototours.com\/fr\/wp-json\/wp\/v2\/media?parent=2548"}],"wp:term":[{"taxonomy":"category","embeddable":true,"href":"https:\/\/rutasmototours.com\/fr\/wp-json\/wp\/v2\/categories?post=2548"},{"taxonomy":"post_tag","embeddable":true,"href":"https:\/\/rutasmototours.com\/fr\/wp-json\/wp\/v2\/tags?post=2548"}],"curies":[{"name":"wp","href":"https:\/\/api.w.org\/{rel}","templated":true}]}}